{"id":12049,"date":"2014-01-13T13:20:11","date_gmt":"2014-01-13T12:20:11","guid":{"rendered":"https:\/\/www.sleek-mag.com\/?p=12049"},"modified":"2014-01-13T13:20:11","modified_gmt":"2014-01-13T12:20:11","slug":"harry-gruyaerts-daughters-in-black-and-white","status":"publish","type":"post","link":"https:\/\/www.sleek-mag.com\/de\/article\/harry-gruyaerts-daughters-in-black-and-white\/","title":{"rendered":"Harry Gruyaert&#039;s daughters in black and white"},"content":{"rendered":"<p class=size--small><img decoding=\"async\" class=\" wp-image-12054\" alt=\"\" src=\"https:\/\/www.sleek-mag.com\/wp-content\/uploads\/2014\/01\/06_Saskia-Marieke-1986-\u2013-2008-\u00a9-Harry-Gruyaert_-Magnum-Photos-_-Focus.jpg\" width=\"720\" height=\"481\" \/> Harry Gruyaert, Saskia &amp; Marieke, 1986 &#8211; 2008 Copyright Harry Gruyaert \/ Magnum Photos<\/p>\n<p>Mannheim, Ludwigshafen and Heidelberg may seem unlikely places to hold an international photo festival, but it was here that agency giant Magnum Photos installed the \u201cGrenzg\u00e4nge. Magnum: Trans-Territories\u201d exhibition for the celebration of FotoFestival\u2019s 10th anniversary. There, Sleek met with Magnum photographer Harry Gruyaert to talk about his family, the importance of black and white, and the future of documentary practice.\u00a0<\/p>\n<p><strong>Sleek: Can you tell us about your project at FotoFestival?<br \/><\/strong>Harry Gruyaert: Curator Andr\u00e9a Holzherr asked me to think about \u201cFamily\u201d and that she wanted my work to go into the \u201cNo Place Like Home \/ Zuhause\u201d part of the show. I already had this project that was not completely finished, where I had photographed my children from birth until they were twentysomething. At the same time I was photographing my children, I also made 25 hours of video. It\u2019s quite different to my other work as this is in black and white, and I\u2019m very much a colour photographer.\u00a0<\/p>\n<p><strong>What made you want to turn your family photos into a realised photography project?<\/strong> Because you find them very interesting and you love them. I started and then I just kept on going [laughs]. Photography \u2013 it\u2019s more or less the only thing I\u2019m good at.\u00a0<\/p>\n<p><strong>Do you see this work as a family album?<\/strong> For me it is an experience. It was very important for me to do, and I did it. And you know, I thought it would be good for [my daughters] as well. I think what is nice about this project is that it\u2019s not just about my own family, it\u2019s about growing up, from birth. You see the people changing, quite quickly, and that is something which is universal. It\u2019s one of a time.<\/p>\n<p><strong>Were your daughters embarrassed by their dad photographing them all the time?<\/strong> Not really embarrassed, but I think they will probably like it much more in 20 years than they do now. It\u2019s like a present for them as well. I\u2019m not a conceptual artist, there is no concept to my work, I just relate to things that are in my life, to what I like and to what I see. It is important to me to take pictures.<\/p>\n<p><strong>Why did you decide to photograph your daughters in black and white?<\/strong> Black and white to me is much more simple, it is not as complex. If I do colour I have to think about the light, how people are dressed, the background, all kinds of things. In black and white you go more directly to the subjects, and in this case it happened to be my daughters, so I decided to photograph them in black and white. Like I said, it\u2019s very rare for me.\u00a0<\/p>\n<p><strong>Is this the first project you have shot in black and white?\u00a0<\/strong> When I was working in Belgium in the beginning and me being very much a colour photographer, I didn\u2019t see any colour in that country. It\u2019s a black and white country. I was living in Paris but had a complex relationship to my home country, very much related to the Catholic religion and so on. So I really had to do something about how I felt about the country, and in a way it was more of a therapy to me. So, in the beginning I was shooting black and white and then I began to see colour in a\u00a0different way. Kind of the banality of certain things. I think these two projects, the Belgium project and the one of my children, will be the only two things that I will shoot in black and white.<\/p>\n<p><strong>Do you find yourself looking at things differently when shooting black and white to colour?<\/strong> Oh yes, of course. If you do colour then the colour has to be the most important thing. Too many people, even in Magnum, in my opinion, are shooting colour just because they feel like they have to. But they are better in black and white and it\u2019s not really their thing. I think there are very few real colour photographers.<\/p>\n<p><strong>How do you think documentary photography has changed?<\/strong> People don\u2019t look at things anymore, they just pull out their phone and make a picture with it. It\u2019s amazing. For us to look at something and to be interested in something, that has sort of gone. Too many photographers knew what magazines wanted and because of that, they lost their personality.\u00a0<\/p>\n<p><strong>Is making the work personal to you something that is important to you?\u00a0<\/strong> I hope not just for me, but for the audience. And also for artists in general. If I can\u2019t communicate with the person in the image, then there is no personality behind it.\u00a0<\/p>\n<p><a href=\"http:\/\/www.magnumphotos.com\/\" target=\"_blank\"><strong>www.magnumphotos.com<\/strong><\/a><\/p>\n<p><strong>Taken from Sleek 40 &#8220;Man\/Boy&#8221;<\/strong><\/p>\n\n","protected":false},"excerpt":{"rendered":"<p>Harry Gruyaert, Saskia &amp; Marieke, 1986 &#8211; 2008 Copyright Harry Gruyaert \/ Magnum Photos Mannheim, Ludwigshafen and Heidelberg may seem unlikely places to hold an international photo festival, but it was here that agency giant Magnum Photos installed the \u201cGrenzg\u00e4nge. Magnum: Trans-Territories\u201d exhibition for the celebration of FotoFestival\u2019s 10th anniversary. There, Sleek met with Magnum&#8230;<\/p>","protected":false},"author":1,"featured_media":12051,"comment_status":"open","ping_status":"open","sticky":false,"template":"","format":"standard","meta":{"_acf_changed":false,"_kad_post_transparent":"","_kad_post_title":"","_kad_post_layout":"","_kad_post_sidebar_id":"","_kad_post_content_style":"","_kad_post_vertical_padding":"","_kad_post_feature":"","_kad_post_feature_position":"","_kad_post_header":false,"_kad_post_footer":false,"_kad_post_classname":"","footnotes":""},"categories":[1],"tags":[1151,1152,912,913,914,917,918,919,154,1153],"class_list":["post-12049","post","type-post","status-publish","format-standard","has-post-thumbnail","hentry","category-uncategorized","tag-documentary-photography","tag-family","tag-fotofestival","tag-harry-gruyaert","tag-heidelberg","tag-ludwigshafen","tag-magnum-photos","tag-mannheim","tag-photography","tag-youth"],"acf":{"main_category":null,"legacy":"1","exclude_from_ads":null,"hero_title":null,"subtitle":null,"hero":null,"teasers":null,"facebook_image":null,"related_articles":null,"next_article":null,"sleek_card_focus":null,"content":null},"yoast_head":"<!-- This site is optimized with the Yoast SEO plugin v19.1 - https:\/\/yoast.com\/wordpress\/plugins\/seo\/ -->\n<title>Harry Gruyaert&#039;s daughters in black and white Harry Gruyaert&#039;s daughters in black and white<\/title>\n<meta name=\"robots\" content=\"index, follow, max-snippet:-1, max-image-preview:large, max-video-preview:-1\" \/>\n<link rel=\"canonical\" href=\"https:\/\/www.sleek-mag.com\/de\/article\/harry-gruyaerts-daughters-in-black-and-white\/\" \/>\n<meta property=\"og:locale\" content=\"de_DE\" \/>\n<meta property=\"og:type\" content=\"article\" \/>\n<meta property=\"og:title\" content=\"Harry Gruyaert&#039;s daughters in black and white Harry Gruyaert&#039;s daughters in black and white\" \/>\n<meta property=\"og:description\" content=\"Harry Gruyaert, Saskia &amp; Marieke, 1986 &#8211; 2008 Copyright Harry Gruyaert \/ Magnum Photos Mannheim, Ludwigshafen and Heidelberg may seem unlikely places to hold an international photo festival, but it was here that agency giant Magnum Photos installed the \u201cGrenzg\u00e4nge. Magnum: Trans-Territories\u201d exhibition for the celebration of FotoFestival\u2019s 10th anniversary. There, Sleek met with Magnum...\" \/>\n<meta property=\"og:url\" content=\"https:\/\/www.sleek-mag.com\/de\/article\/harry-gruyaerts-daughters-in-black-and-white\/\" \/>\n<meta property=\"og:site_name\" content=\"Sleek Magazine\" \/>\n<meta property=\"article:publisher\" content=\"https:\/\/www.facebook.com\/sleekmag\/\" \/>\n<meta property=\"article:published_time\" content=\"2014-01-13T12:20:11+00:00\" \/>\n<meta name=\"twitter:card\" content=\"summary_large_image\" \/>\n<meta name=\"twitter:creator\" content=\"@sleekmag\" \/>\n<meta name=\"twitter:site\" content=\"@sleekmag\" \/>\n<meta name=\"twitter:label1\" content=\"Verfasst von\" \/>\n\t<meta name=\"twitter:data1\" content=\"sleek\" \/>\n\t<meta name=\"twitter:label2\" content=\"Gesch\u00e4tzte Lesezeit\" \/>\n\t<meta name=\"twitter:data2\" content=\"4\u00a0Minuten\" \/>\n<script type=\"application\/ld+json\" class=\"yoast-schema-graph\">{\"@context\":\"https:\/\/schema.org\",\"@graph\":[{\"@type\":\"WebSite\",\"@id\":\"https:\/\/www.sleek-mag.com\/#website\",\"url\":\"https:\/\/www.sleek-mag.com\/\",\"name\":\"Sleek Magazine\",\"description\":\"Sleek is Germany\u2019s leading independent media house\/brand for creativity and innovation located in Berlin the creative capital of the world. This creativity manifests itself in SLEEK\u2019s quarterly print publication, digital and social media channels.\",\"potentialAction\":[{\"@type\":\"SearchAction\",\"target\":{\"@type\":\"EntryPoint\",\"urlTemplate\":\"https:\/\/www.sleek-mag.com\/?s={search_term_string}\"},\"query-input\":\"required name=search_term_string\"}],\"inLanguage\":\"de\"},{\"@type\":\"ImageObject\",\"inLanguage\":\"de\",\"@id\":\"https:\/\/www.sleek-mag.com\/article\/harry-gruyaerts-daughters-in-black-and-white\/#primaryimage\",\"url\":\"\",\"contentUrl\":\"\"},{\"@type\":\"WebPage\",\"@id\":\"https:\/\/www.sleek-mag.com\/article\/harry-gruyaerts-daughters-in-black-and-white\/#webpage\",\"url\":\"https:\/\/www.sleek-mag.com\/article\/harry-gruyaerts-daughters-in-black-and-white\/\",\"name\":\"Harry Gruyaert&#039;s daughters in black and white Harry Gruyaert&#039;s daughters in black and white\",\"isPartOf\":{\"@id\":\"https:\/\/www.sleek-mag.com\/#website\"},\"primaryImageOfPage\":{\"@id\":\"https:\/\/www.sleek-mag.com\/article\/harry-gruyaerts-daughters-in-black-and-white\/#primaryimage\"},\"datePublished\":\"2014-01-13T12:20:11+00:00\",\"dateModified\":\"2014-01-13T12:20:11+00:00\",\"author\":{\"@id\":\"https:\/\/www.sleek-mag.com\/#\/schema\/person\/1fd4c1b41c96eff389e4781115613a68\"},\"breadcrumb\":{\"@id\":\"https:\/\/www.sleek-mag.com\/article\/harry-gruyaerts-daughters-in-black-and-white\/#breadcrumb\"},\"inLanguage\":\"de\",\"potentialAction\":[{\"@type\":\"ReadAction\",\"target\":[\"https:\/\/www.sleek-mag.com\/article\/harry-gruyaerts-daughters-in-black-and-white\/\"]}]},{\"@type\":\"BreadcrumbList\",\"@id\":\"https:\/\/www.sleek-mag.com\/article\/harry-gruyaerts-daughters-in-black-and-white\/#breadcrumb\",\"itemListElement\":[{\"@type\":\"ListItem\",\"position\":1,\"name\":\"Home\",\"item\":\"https:\/\/www.sleek-mag.com\/\"},{\"@type\":\"ListItem\",\"position\":2,\"name\":\"Harry Gruyaert&#039;s daughters in black and white\"}]},{\"@type\":\"Person\",\"@id\":\"https:\/\/www.sleek-mag.com\/#\/schema\/person\/1fd4c1b41c96eff389e4781115613a68\",\"name\":\"sleek\",\"image\":{\"@type\":\"ImageObject\",\"inLanguage\":\"de\",\"@id\":\"https:\/\/www.sleek-mag.com\/#\/schema\/person\/image\/\",\"url\":\"https:\/\/secure.gravatar.com\/avatar\/28a91a7b03694a9860c1590004521e06b91644c079476028047b1a7f5e3eb6e9?s=96&d=mm&r=g\",\"contentUrl\":\"https:\/\/secure.gravatar.com\/avatar\/28a91a7b03694a9860c1590004521e06b91644c079476028047b1a7f5e3eb6e9?s=96&d=mm&r=g\",\"caption\":\"sleek\"},\"description\":\"She\u2019s currently writing her thesis on immersive installation and has a soft spot for techno, existential art memes and nineties sunglasses.\",\"url\":\"https:\/\/www.sleek-mag.com\/de\/author\/sleek\/\"}]}<\/script>\n<!-- \/ Yoast SEO plugin. -->","yoast_head_json":{"title":"Harry Gruyaert&#039;s daughters in black and white Harry Gruyaert&#039;s daughters in black and white","robots":{"index":"index","follow":"follow","max-snippet":"max-snippet:-1","max-image-preview":"max-image-preview:large","max-video-preview":"max-video-preview:-1"},"canonical":"https:\/\/www.sleek-mag.com\/de\/article\/harry-gruyaerts-daughters-in-black-and-white\/","og_locale":"de_DE","og_type":"article","og_title":"Harry Gruyaert&#039;s daughters in black and white Harry Gruyaert&#039;s daughters in black and white","og_description":"Harry Gruyaert, Saskia &amp; Marieke, 1986 &#8211; 2008 Copyright Harry Gruyaert \/ Magnum Photos Mannheim, Ludwigshafen and Heidelberg may seem unlikely places to hold an international photo festival, but it was here that agency giant Magnum Photos installed the \u201cGrenzg\u00e4nge. Magnum: Trans-Territories\u201d exhibition for the celebration of FotoFestival\u2019s 10th anniversary. There, Sleek met with Magnum...","og_url":"https:\/\/www.sleek-mag.com\/de\/article\/harry-gruyaerts-daughters-in-black-and-white\/","og_site_name":"Sleek Magazine","article_publisher":"https:\/\/www.facebook.com\/sleekmag\/","article_published_time":"2014-01-13T12:20:11+00:00","twitter_card":"summary_large_image","twitter_creator":"@sleekmag","twitter_site":"@sleekmag","twitter_misc":{"Verfasst von":"sleek","Gesch\u00e4tzte Lesezeit":"4\u00a0Minuten"},"schema":{"@context":"https:\/\/schema.org","@graph":[{"@type":"WebSite","@id":"https:\/\/www.sleek-mag.com\/#website","url":"https:\/\/www.sleek-mag.com\/","name":"Schlankes Magazin","description":"Sleek ist Deutschlands f\u00fchrendes unabh\u00e4ngiges Medienhaus\/Marke f\u00fcr Kreativit\u00e4t und Innovation mit Sitz in Berlin, der kreativen Hauptstadt der Welt. Diese Kreativit\u00e4t manifestiert sich in der viertelj\u00e4hrlich erscheinenden Print-Publikation, den digitalen und Social-Media-Kan\u00e4len von SLEEK.","potentialAction":[{"@type":"SearchAction","target":{"@type":"EntryPoint","urlTemplate":"https:\/\/www.sleek-mag.com\/?s={search_term_string}"},"query-input":"required name=search_term_string"}],"inLanguage":"de"},{"@type":"ImageObject","inLanguage":"de","@id":"https:\/\/www.sleek-mag.com\/article\/harry-gruyaerts-daughters-in-black-and-white\/#primaryimage","url":"","contentUrl":""},{"@type":"WebPage","@id":"https:\/\/www.sleek-mag.com\/article\/harry-gruyaerts-daughters-in-black-and-white\/#webpage","url":"https:\/\/www.sleek-mag.com\/article\/harry-gruyaerts-daughters-in-black-and-white\/","name":"Harry Gruyaert&#039;s daughters in black and white Harry Gruyaert&#039;s daughters in black and white","isPartOf":{"@id":"https:\/\/www.sleek-mag.com\/#website"},"primaryImageOfPage":{"@id":"https:\/\/www.sleek-mag.com\/article\/harry-gruyaerts-daughters-in-black-and-white\/#primaryimage"},"datePublished":"2014-01-13T12:20:11+00:00","dateModified":"2014-01-13T12:20:11+00:00","author":{"@id":"https:\/\/www.sleek-mag.com\/#\/schema\/person\/1fd4c1b41c96eff389e4781115613a68"},"breadcrumb":{"@id":"https:\/\/www.sleek-mag.com\/article\/harry-gruyaerts-daughters-in-black-and-white\/#breadcrumb"},"inLanguage":"de","potentialAction":[{"@type":"ReadAction","target":["https:\/\/www.sleek-mag.com\/article\/harry-gruyaerts-daughters-in-black-and-white\/"]}]},{"@type":"BreadcrumbList","@id":"https:\/\/www.sleek-mag.com\/article\/harry-gruyaerts-daughters-in-black-and-white\/#breadcrumb","itemListElement":[{"@type":"ListItem","position":1,"name":"Home","item":"https:\/\/www.sleek-mag.com\/"},{"@type":"ListItem","position":2,"name":"Harry Gruyaert&#039;s daughters in black and white"}]},{"@type":"Person","@id":"https:\/\/www.sleek-mag.com\/#\/schema\/person\/1fd4c1b41c96eff389e4781115613a68","name":"schlank","image":{"@type":"ImageObject","inLanguage":"de","@id":"https:\/\/www.sleek-mag.com\/#\/schema\/person\/image\/","url":"https:\/\/secure.gravatar.com\/avatar\/28a91a7b03694a9860c1590004521e06b91644c079476028047b1a7f5e3eb6e9?s=96&d=mm&r=g","contentUrl":"https:\/\/secure.gravatar.com\/avatar\/28a91a7b03694a9860c1590004521e06b91644c079476028047b1a7f5e3eb6e9?s=96&d=mm&r=g","caption":"sleek"},"description":"Zurzeit schreibt sie ihre Doktorarbeit \u00fcber immersive Installationen und hat ein Faible f\u00fcr Techno, existentielle Kunstmemes und Sonnenbrillen aus den Neunzigern.","url":"https:\/\/www.sleek-mag.com\/de\/author\/sleek\/"}]}},"_links":{"self":[{"href":"https:\/\/www.sleek-mag.com\/de\/wp-json\/wp\/v2\/posts\/12049","targetHints":{"allow":["GET"]}}],"collection":[{"href":"https:\/\/www.sleek-mag.com\/de\/wp-json\/wp\/v2\/posts"}],"about":[{"href":"https:\/\/www.sleek-mag.com\/de\/wp-json\/wp\/v2\/types\/post"}],"author":[{"embeddable":true,"href":"https:\/\/www.sleek-mag.com\/de\/wp-json\/wp\/v2\/users\/1"}],"replies":[{"embeddable":true,"href":"https:\/\/www.sleek-mag.com\/de\/wp-json\/wp\/v2\/comments?post=12049"}],"version-history":[{"count":0,"href":"https:\/\/www.sleek-mag.com\/de\/wp-json\/wp\/v2\/posts\/12049\/revisions"}],"wp:featuredmedia":[{"embeddable":true,"href":"https:\/\/www.sleek-mag.com\/de\/wp-json\/"}],"wp:attachment":[{"href":"https:\/\/www.sleek-mag.com\/de\/wp-json\/wp\/v2\/media?parent=12049"}],"wp:term":[{"taxonomy":"category","embeddable":true,"href":"https:\/\/www.sleek-mag.com\/de\/wp-json\/wp\/v2\/categories?post=12049"},{"taxonomy":"post_tag","embeddable":true,"href":"https:\/\/www.sleek-mag.com\/de\/wp-json\/wp\/v2\/tags?post=12049"}],"curies":[{"name":"wp","href":"https:\/\/api.w.org\/{rel}","templated":true}]}}