{"id":132028,"date":"2026-09-02T10:52:54","date_gmt":"2026-09-02T08:52:54","guid":{"rendered":"https:\/\/www.sleek-mag.com\/?p=132028"},"modified":"2026-09-02T10:52:54","modified_gmt":"2026-09-02T08:52:54","slug":"the-logic-of-the-mostra","status":"publish","type":"post","link":"https:\/\/www.sleek-mag.com\/de\/article\/the-logic-of-the-mostra\/","title":{"rendered":"The Logic of the Mostra"},"content":{"rendered":"","protected":false},"excerpt":{"rendered":"","protected":false},"author":331,"featured_media":0,"comment_status":"closed","ping_status":"open","sticky":false,"template":"","format":"standard","meta":{"_acf_changed":false,"_kad_post_transparent":"default","_kad_post_title":"default","_kad_post_layout":"default","_kad_post_sidebar_id":"","_kad_post_content_style":"default","_kad_post_vertical_padding":"default","_kad_post_feature":"","_kad_post_feature_position":"","_kad_post_header":false,"_kad_post_footer":false,"_kad_post_classname":"","footnotes":""},"categories":[15151],"tags":[],"class_list":["post-132028","post","type-post","status-publish","format-standard","hentry","category-essay"],"acf":{"legacy":false,"exclude_from_ads":[],"hero_title":"","subtitle":"","hero":{"video":false,"image":false,"header_color":"black","overlay_color":"","overlay_text_color":"black"},"teasers":{"video":false,"image":{"ID":132032,"id":132032,"title":"1932 primaserata \u00a9 Archivio Storico della Biennale di Venezia, ASAC","filename":"1932-primaserata-\u00a9-Archivio-Storico-della-Biennale-di-Venezia-ASAC.jpg","filesize":171040,"url":"https:\/\/www.sleek-mag.com\/wp-content\/uploads\/2026\/09\/1932-primaserata-\u00a9-Archivio-Storico-della-Biennale-di-Venezia-ASAC.jpg","link":"https:\/\/www.sleek-mag.com\/de\/article\/the-logic-of-the-mostra\/1932-primaserata-archivio-storico-della-biennale-di-venezia-asac\/","alt":"","author":"1","description":"","caption":"Primaserata (1932), Courtesy of Archivio Storico della Biennale di Venezia. ","name":"1932-primaserata-archivio-storico-della-biennale-di-venezia-asac","status":"inherit","uploaded_to":132028,"date":"2026-09-01 15:45:01","modified":"2026-09-01 16:15:04","menu_order":0,"mime_type":"image\/jpeg","type":"image","subtype":"jpeg","icon":"https:\/\/www.sleek-mag.com\/wp-includes\/images\/media\/default.png","width":1000,"height":683,"sizes":{"thumbnail":"https:\/\/www.sleek-mag.com\/wp-content\/uploads\/2026\/09\/1932-primaserata-\u00a9-Archivio-Storico-della-Biennale-di-Venezia-ASAC.jpg","thumbnail-width":128,"thumbnail-height":87,"medium":"https:\/\/www.sleek-mag.com\/wp-content\/uploads\/2026\/09\/1932-primaserata-\u00a9-Archivio-Storico-della-Biennale-di-Venezia-ASAC.jpg","medium-width":1000,"medium-height":683,"medium_large":"https:\/\/www.sleek-mag.com\/wp-content\/uploads\/2026\/09\/1932-primaserata-\u00a9-Archivio-Storico-della-Biennale-di-Venezia-ASAC.jpg","medium_large-width":1000,"medium_large-height":683,"large":"https:\/\/www.sleek-mag.com\/wp-content\/uploads\/2026\/09\/1932-primaserata-\u00a9-Archivio-Storico-della-Biennale-di-Venezia-ASAC.jpg","large-width":1000,"large-height":683,"1536x1536":"https:\/\/www.sleek-mag.com\/wp-content\/uploads\/2026\/09\/1932-primaserata-\u00a9-Archivio-Storico-della-Biennale-di-Venezia-ASAC.jpg","1536x1536-width":1000,"1536x1536-height":683,"2048x2048":"https:\/\/www.sleek-mag.com\/wp-content\/uploads\/2026\/09\/1932-primaserata-\u00a9-Archivio-Storico-della-Biennale-di-Venezia-ASAC.jpg","2048x2048-width":1000,"2048x2048-height":683,"trp-custom-language-flag":"https:\/\/www.sleek-mag.com\/wp-content\/uploads\/2026\/09\/1932-primaserata-\u00a9-Archivio-Storico-della-Biennale-di-Venezia-ASAC-18x12.jpg","trp-custom-language-flag-width":18,"trp-custom-language-flag-height":12,"wpvr_mobile":"https:\/\/www.sleek-mag.com\/wp-content\/uploads\/2026\/09\/1932-primaserata-\u00a9-Archivio-Storico-della-Biennale-di-Venezia-ASAC.jpg","wpvr_mobile-width":1000,"wpvr_mobile-height":683}},"width":"4","proportion":"default"},"facebook_image":false,"related_articles":"","next_article":"","main_category":15151,"content":[{"acf_fc_layout":"images","gallery":[{"ID":132032,"id":132032,"title":"1932 primaserata \u00a9 Archivio Storico della Biennale di Venezia, ASAC","filename":"1932-primaserata-\u00a9-Archivio-Storico-della-Biennale-di-Venezia-ASAC.jpg","filesize":171040,"url":"https:\/\/www.sleek-mag.com\/wp-content\/uploads\/2026\/09\/1932-primaserata-\u00a9-Archivio-Storico-della-Biennale-di-Venezia-ASAC.jpg","link":"https:\/\/www.sleek-mag.com\/de\/article\/the-logic-of-the-mostra\/1932-primaserata-archivio-storico-della-biennale-di-venezia-asac\/","alt":"","author":"1","description":"","caption":"Primaserata (1932), Courtesy of Archivio Storico della Biennale di Venezia. ","name":"1932-primaserata-archivio-storico-della-biennale-di-venezia-asac","status":"inherit","uploaded_to":132028,"date":"2026-09-01 15:45:01","modified":"2026-09-01 16:15:04","menu_order":0,"mime_type":"image\/jpeg","type":"image","subtype":"jpeg","icon":"https:\/\/www.sleek-mag.com\/wp-includes\/images\/media\/default.png","width":1000,"height":683,"sizes":{"thumbnail":"https:\/\/www.sleek-mag.com\/wp-content\/uploads\/2026\/09\/1932-primaserata-\u00a9-Archivio-Storico-della-Biennale-di-Venezia-ASAC.jpg","thumbnail-width":128,"thumbnail-height":87,"medium":"https:\/\/www.sleek-mag.com\/wp-content\/uploads\/2026\/09\/1932-primaserata-\u00a9-Archivio-Storico-della-Biennale-di-Venezia-ASAC.jpg","medium-width":1000,"medium-height":683,"medium_large":"https:\/\/www.sleek-mag.com\/wp-content\/uploads\/2026\/09\/1932-primaserata-\u00a9-Archivio-Storico-della-Biennale-di-Venezia-ASAC.jpg","medium_large-width":1000,"medium_large-height":683,"large":"https:\/\/www.sleek-mag.com\/wp-content\/uploads\/2026\/09\/1932-primaserata-\u00a9-Archivio-Storico-della-Biennale-di-Venezia-ASAC.jpg","large-width":1000,"large-height":683,"1536x1536":"https:\/\/www.sleek-mag.com\/wp-content\/uploads\/2026\/09\/1932-primaserata-\u00a9-Archivio-Storico-della-Biennale-di-Venezia-ASAC.jpg","1536x1536-width":1000,"1536x1536-height":683,"2048x2048":"https:\/\/www.sleek-mag.com\/wp-content\/uploads\/2026\/09\/1932-primaserata-\u00a9-Archivio-Storico-della-Biennale-di-Venezia-ASAC.jpg","2048x2048-width":1000,"2048x2048-height":683,"trp-custom-language-flag":"https:\/\/www.sleek-mag.com\/wp-content\/uploads\/2026\/09\/1932-primaserata-\u00a9-Archivio-Storico-della-Biennale-di-Venezia-ASAC-18x12.jpg","trp-custom-language-flag-width":18,"trp-custom-language-flag-height":12,"wpvr_mobile":"https:\/\/www.sleek-mag.com\/wp-content\/uploads\/2026\/09\/1932-primaserata-\u00a9-Archivio-Storico-della-Biennale-di-Venezia-ASAC.jpg","wpvr_mobile-width":1000,"wpvr_mobile-height":683}}],"settings":{"fit_width":"4","caption":""}},{"acf_fc_layout":"text_area","text_area":"<p><strong>An essay by Christian Bracht<\/strong><\/p>\n<p>Today in Venice, something begins that has become rare in our culture: an event that has not yet taken place. With Ink, Danny Boyle\u2019s adaptation of the stage play of the same name, the 83rd edition of the Venice Film Festival opens at the Lido. No one outside a small circle has seen the film so far, and when the lights go down in the Palazzo del Cinema, it is not just a screening that begins. For a moment, the public existence of a work begins.<\/p>\n<p>Venice, more than almost any other festival, lives by the principle of the world premiere. At first, that sounds like a formality of festival operations, yet it contains an idea that today seems almost radical: that something needs a specific place and a specific moment in order to become an event.<\/p>\n<p>The culture surrounding us in everyday life has long followed a different logic.<\/p>\n"},{"acf_fc_layout":"images","gallery":[{"ID":132031,"id":132031,"title":"4-\u00a9Beat Presser - Fizcarraldo","filename":"4-\u00a9Beat-Presser-Fizcarraldo.jpeg","filesize":102414,"url":"https:\/\/www.sleek-mag.com\/wp-content\/uploads\/2026\/09\/4-\u00a9Beat-Presser-Fizcarraldo.jpeg","link":"https:\/\/www.sleek-mag.com\/de\/article\/the-logic-of-the-mostra\/4-beat-presser-fizcarraldo\/","alt":"","author":"1","description":"","caption":"Exhibition 'Conquest of The Useless', at Isola Edipo \u2013 Venice Film Festival, open from\r\n2-12 September 2026, Courtesy of Beat Presser.","name":"4-beat-presser-fizcarraldo","status":"inherit","uploaded_to":132028,"date":"2026-09-01 15:44:49","modified":"2026-09-01 16:17:31","menu_order":0,"mime_type":"image\/jpeg","type":"image","subtype":"jpeg","icon":"https:\/\/www.sleek-mag.com\/wp-includes\/images\/media\/default.png","width":793,"height":527,"sizes":{"thumbnail":"https:\/\/www.sleek-mag.com\/wp-content\/uploads\/2026\/09\/4-\u00a9Beat-Presser-Fizcarraldo.jpeg","thumbnail-width":128,"thumbnail-height":85,"medium":"https:\/\/www.sleek-mag.com\/wp-content\/uploads\/2026\/09\/4-\u00a9Beat-Presser-Fizcarraldo.jpeg","medium-width":793,"medium-height":527,"medium_large":"https:\/\/www.sleek-mag.com\/wp-content\/uploads\/2026\/09\/4-\u00a9Beat-Presser-Fizcarraldo.jpeg","medium_large-width":793,"medium_large-height":527,"large":"https:\/\/www.sleek-mag.com\/wp-content\/uploads\/2026\/09\/4-\u00a9Beat-Presser-Fizcarraldo.jpeg","large-width":793,"large-height":527,"1536x1536":"https:\/\/www.sleek-mag.com\/wp-content\/uploads\/2026\/09\/4-\u00a9Beat-Presser-Fizcarraldo.jpeg","1536x1536-width":793,"1536x1536-height":527,"2048x2048":"https:\/\/www.sleek-mag.com\/wp-content\/uploads\/2026\/09\/4-\u00a9Beat-Presser-Fizcarraldo.jpeg","2048x2048-width":793,"2048x2048-height":527,"trp-custom-language-flag":"https:\/\/www.sleek-mag.com\/wp-content\/uploads\/2026\/09\/4-\u00a9Beat-Presser-Fizcarraldo-18x12.jpeg","trp-custom-language-flag-width":18,"trp-custom-language-flag-height":12,"wpvr_mobile":"https:\/\/www.sleek-mag.com\/wp-content\/uploads\/2026\/09\/4-\u00a9Beat-Presser-Fizcarraldo.jpeg","wpvr_mobile-width":793,"wpvr_mobile-height":527}}],"settings":{"fit_width":"4","caption":""}},{"acf_fc_layout":"text_area","text_area":"<p><strong>What the Feed Cannot Do<\/strong><\/p>\n<p>The feed knows no premiere. In truth, it does not even know beginning and end, because it is always already there and keeps on going.<\/p>\n<p>That is its great strength. Never before has so much culture been so quickly, so easily and so naturally available. A film, a song, an image, an interview, a clip: everything can appear at any time, be shared, saved, repeated and forwarded. Availability has become one of the great cultural achievements of our time, but it comes at a price.<\/p>\n<p>Whatever is always available need not wait for a particular moment, and what need not wait for any moment loses part of its ability to create such a moment in the first place. This is precisely where the logic of the Mostra begins.<\/p>\n<p>A film is shown on a particular evening in a particular auditorium to an audience that has come to Venice especially for it. Of course, the same film can later be seen in Berlin, Paris or New York, in the cinema or one day at home. The work is reproducible. The moment of its first public reception is not. This distinction is crucial because a festival does not merely produce films as objects of contemplation. It creates situations: anticipation before the screening, concentration during it and conversations afterwards. People see the same thing at the same time and then argue about what they have seen.<\/p>\n<p>The algorithm organises culture differently, generating millions of parallel presents that are perfectly tailored to the individual, while the festival creates common ground for a few hours. Perhaps that is precisely the real scarcity today. It is not content we lack, since there is more of it than ever before, but moments in which many people give the same content the same undivided attention.<\/p>\n"},{"acf_fc_layout":"images","gallery":[{"ID":132045,"id":132045,"title":"rob-laughter-WW1jsInXgwM-unsplash","filename":"rob-laughter-WW1jsInXgwM-unsplash.jpg","filesize":259888,"url":"https:\/\/www.sleek-mag.com\/wp-content\/uploads\/2026\/09\/rob-laughter-WW1jsInXgwM-unsplash.jpg","link":"https:\/\/www.sleek-mag.com\/de\/article\/the-logic-of-the-mostra\/rob-laughter-ww1jsinxgwm-unsplash\/","alt":"","author":"1","description":"","caption":"Courtesy of Rob Laughter.","name":"rob-laughter-ww1jsinxgwm-unsplash","status":"inherit","uploaded_to":132028,"date":"2026-09-01 16:10:55","modified":"2026-09-01 16:19:09","menu_order":0,"mime_type":"image\/jpeg","type":"image","subtype":"jpeg","icon":"https:\/\/www.sleek-mag.com\/wp-includes\/images\/media\/default.png","width":1920,"height":1282,"sizes":{"thumbnail":"https:\/\/www.sleek-mag.com\/wp-content\/uploads\/2026\/09\/rob-laughter-WW1jsInXgwM-unsplash.jpg","thumbnail-width":128,"thumbnail-height":85,"medium":"https:\/\/www.sleek-mag.com\/wp-content\/uploads\/2026\/09\/rob-laughter-WW1jsInXgwM-unsplash.jpg","medium-width":1920,"medium-height":1282,"medium_large":"https:\/\/www.sleek-mag.com\/wp-content\/uploads\/2026\/09\/rob-laughter-WW1jsInXgwM-unsplash.jpg","medium_large-width":1920,"medium_large-height":1282,"large":"https:\/\/www.sleek-mag.com\/wp-content\/uploads\/2026\/09\/rob-laughter-WW1jsInXgwM-unsplash.jpg","large-width":1920,"large-height":1282,"1536x1536":"https:\/\/www.sleek-mag.com\/wp-content\/uploads\/2026\/09\/rob-laughter-WW1jsInXgwM-unsplash-1536x1026.jpg","1536x1536-width":1536,"1536x1536-height":1026,"2048x2048":"https:\/\/www.sleek-mag.com\/wp-content\/uploads\/2026\/09\/rob-laughter-WW1jsInXgwM-unsplash.jpg","2048x2048-width":1920,"2048x2048-height":1282,"trp-custom-language-flag":"https:\/\/www.sleek-mag.com\/wp-content\/uploads\/2026\/09\/rob-laughter-WW1jsInXgwM-unsplash-18x12.jpg","trp-custom-language-flag-width":18,"trp-custom-language-flag-height":12,"wpvr_mobile":"https:\/\/www.sleek-mag.com\/wp-content\/uploads\/2026\/09\/rob-laughter-WW1jsInXgwM-unsplash.jpg","wpvr_mobile-width":1920,"wpvr_mobile-height":1282}}],"settings":{"fit_width":"4","caption":""}},{"acf_fc_layout":"text_area","text_area":"<p><strong>The Freedom of Limitation<\/strong><\/p>\n<p>There is also a curious paradox in this. At home, we have almost complete control over a film. We can pause, rewind, fast-forward, turn on subtitles, reply to messages or watch something else after twenty minutes. That feels like freedom and, technically, it is. In the cinema, however, we voluntarily give up almost all these options. The lights go out, the phone disappears and the film sets the pace. We cannot speed up a scene because it bores us, nor go back because we were inattentive for a moment. For two hours, we accept the other\u2019s time, and it may be precisely from this that another form of freedom emerges.<\/p>\n<p><strong>Cinema gives us less control over the work and perhaps precisely for that reason, more control over our attention.<\/strong><\/p>\n<p>The freedom of the feed, by contrast, is contradictory. We can keep scrolling at any time, yet that very possibility becomes a permanent invitation to do so. Hardly has something caught our attention when the next thing is already waiting, not because the previous thing has been completed, but because the machine knows no end.<\/p>\n<p>Cinema sets a limit to this endlessness through beginning, duration and end. It does not force us to pay attention, but it creates the conditions under which attention becomes possible again.<\/p>\n"},{"acf_fc_layout":"images","gallery":[{"ID":132050,"id":132050,"title":"eva-1962-jeanne-moreau-venitian-arches","filename":"eva-1962-jeanne-moreau-venitian-arches.jpeg","filesize":23071,"url":"https:\/\/www.sleek-mag.com\/wp-content\/uploads\/2026\/09\/eva-1962-jeanne-moreau-venitian-arches.jpeg","link":"https:\/\/www.sleek-mag.com\/de\/article\/the-logic-of-the-mostra\/eva-1962-jeanne-moreau-venitian-arches\/","alt":"","author":"1","description":"","caption":"'Eva' (1962), Courtesy of Paris Film Productions & Interopa Film.","name":"eva-1962-jeanne-moreau-venitian-arches","status":"inherit","uploaded_to":132028,"date":"2026-09-02 08:09:38","modified":"2026-09-02 08:15:17","menu_order":0,"mime_type":"image\/jpeg","type":"image","subtype":"jpeg","icon":"https:\/\/www.sleek-mag.com\/wp-includes\/images\/media\/default.png","width":600,"height":324,"sizes":{"thumbnail":"https:\/\/www.sleek-mag.com\/wp-content\/uploads\/2026\/09\/eva-1962-jeanne-moreau-venitian-arches.jpeg","thumbnail-width":128,"thumbnail-height":69,"medium":"https:\/\/www.sleek-mag.com\/wp-content\/uploads\/2026\/09\/eva-1962-jeanne-moreau-venitian-arches.jpeg","medium-width":600,"medium-height":324,"medium_large":"https:\/\/www.sleek-mag.com\/wp-content\/uploads\/2026\/09\/eva-1962-jeanne-moreau-venitian-arches.jpeg","medium_large-width":600,"medium_large-height":324,"large":"https:\/\/www.sleek-mag.com\/wp-content\/uploads\/2026\/09\/eva-1962-jeanne-moreau-venitian-arches.jpeg","large-width":600,"large-height":324,"1536x1536":"https:\/\/www.sleek-mag.com\/wp-content\/uploads\/2026\/09\/eva-1962-jeanne-moreau-venitian-arches.jpeg","1536x1536-width":600,"1536x1536-height":324,"2048x2048":"https:\/\/www.sleek-mag.com\/wp-content\/uploads\/2026\/09\/eva-1962-jeanne-moreau-venitian-arches.jpeg","2048x2048-width":600,"2048x2048-height":324,"trp-custom-language-flag":"https:\/\/www.sleek-mag.com\/wp-content\/uploads\/2026\/09\/eva-1962-jeanne-moreau-venitian-arches-18x10.jpeg","trp-custom-language-flag-width":18,"trp-custom-language-flag-height":10,"wpvr_mobile":"https:\/\/www.sleek-mag.com\/wp-content\/uploads\/2026\/09\/eva-1962-jeanne-moreau-venitian-arches.jpeg","wpvr_mobile-width":600,"wpvr_mobile-height":324}}],"settings":{"fit_width":"4","caption":""}},{"acf_fc_layout":"text_area","text_area":"<p><strong>A Shared Present<\/strong><\/p>\n<p>That is why a festival like Venice is more than just a particularly glamorous place where films are shown for the first time. It is a machine for producing a shared present, which also explains why the political conflicts of the time become so immediately visible on the Lido.<\/p>\n<p>This year too, debates about the war in Gaza and the Israeli-Palestinian conflict are accompanying the festival even before its opening. This is not because a film festival necessarily has better answers to political questions, but because, for a few days, it creates a public sphere that cannot be fully personalised.<\/p>\n<p>Anyone sitting in a cinema cannot curate their audience. They sit next to people who will love the film and others who will despise it, alongside journalists, directors, actors, producers, critics and guests. They do not have the same feed and probably do not inhabit the same political reality, but for two hours, they see the same thing.<\/p>\n<p>That may sound banal, yet in an increasingly fragmented public sphere, it is not. The feed shows us the world an algorithm believes we want to see, while a festival, at least occasionally, confronts us with a world we did not choose for ourselves. Perhaps this is one of its most important functions.<\/p>\n"},{"acf_fc_layout":"images","gallery":[{"ID":132051,"id":132051,"title":"il-magnifico-cornuto","filename":"il-magnifico-cornuto.jpg","filesize":61728,"url":"https:\/\/www.sleek-mag.com\/wp-content\/uploads\/2026\/09\/il-magnifico-cornuto.jpg","link":"https:\/\/www.sleek-mag.com\/de\/article\/the-logic-of-the-mostra\/il-magnifico-cornuto\/","alt":"","author":"1","description":"","caption":"'The Magnificent Cuckold' (1964), Courtesy of Sancro Film & Les Films Copernic.","name":"il-magnifico-cornuto","status":"inherit","uploaded_to":132028,"date":"2026-09-02 08:15:33","modified":"2026-09-02 08:17:33","menu_order":0,"mime_type":"image\/jpeg","type":"image","subtype":"jpeg","icon":"https:\/\/www.sleek-mag.com\/wp-includes\/images\/media\/default.png","width":750,"height":500,"sizes":{"thumbnail":"https:\/\/www.sleek-mag.com\/wp-content\/uploads\/2026\/09\/il-magnifico-cornuto.jpg","thumbnail-width":128,"thumbnail-height":85,"medium":"https:\/\/www.sleek-mag.com\/wp-content\/uploads\/2026\/09\/il-magnifico-cornuto.jpg","medium-width":750,"medium-height":500,"medium_large":"https:\/\/www.sleek-mag.com\/wp-content\/uploads\/2026\/09\/il-magnifico-cornuto.jpg","medium_large-width":750,"medium_large-height":500,"large":"https:\/\/www.sleek-mag.com\/wp-content\/uploads\/2026\/09\/il-magnifico-cornuto.jpg","large-width":750,"large-height":500,"1536x1536":"https:\/\/www.sleek-mag.com\/wp-content\/uploads\/2026\/09\/il-magnifico-cornuto.jpg","1536x1536-width":750,"1536x1536-height":500,"2048x2048":"https:\/\/www.sleek-mag.com\/wp-content\/uploads\/2026\/09\/il-magnifico-cornuto.jpg","2048x2048-width":750,"2048x2048-height":500,"trp-custom-language-flag":"https:\/\/www.sleek-mag.com\/wp-content\/uploads\/2026\/09\/il-magnifico-cornuto-18x12.jpg","trp-custom-language-flag-width":18,"trp-custom-language-flag-height":12,"wpvr_mobile":"https:\/\/www.sleek-mag.com\/wp-content\/uploads\/2026\/09\/il-magnifico-cornuto.jpg","wpvr_mobile-width":750,"wpvr_mobile-height":500}}],"settings":{"fit_width":"4","caption":""}},{"acf_fc_layout":"text_area","text_area":"<p><strong>What Remains When the Curtain Falls<\/strong><\/p>\n<p>On 12 September, the Mostra ends, and many of the films shown there will then remain unavailable to the general public for weeks or months. Some will not reach cinemas until awards season, while others will arrive even later.<\/p>\n<p>By the standards of the platform economy, this seems almost absurd: why generate attention around a work only to withdraw it again from immediate availability? Perhaps, however, that is precisely the point.<\/p>\n<p>Since 1932, Venice has brought people together so that they can look at a screen together. The technology surrounding this ritual has changed completely, while its actual idea has changed remarkably little, which may be precisely why it is becoming interesting again.<\/p>\n<p>The real scarcity of our present is no longer found in images, films or stories. It lies in the moments when we are willing not to exchange our attention straight away for the next possibility. Venice therefore does not defend the past of cinema, but something that is only just becoming precious again: limitation.<\/p>\n<p>One place, one time, one film, and the freedom not to have to see anything else for two hours.<\/p>\n<p>Venice does not defend the artificial scarcity of culture, nor does it nostalgically defend a world before streaming, TikTok and Instagram. That world is not coming back, and it does not need to. What the Mostra does defend is something else: the idea that cultural experience can be more than mere access, and that a work can have a place, a time, an anticipation before it and a memory after.<\/p>\n"}],"sleek_card_focus":"mid"},"yoast_head":"<!-- This site is optimized with the Yoast SEO plugin v19.1 - https:\/\/yoast.com\/wordpress\/plugins\/seo\/ -->\n<title>The Logic of the Mostra The Logic of the Mostra<\/title>\n<meta name=\"robots\" content=\"index, follow, max-snippet:-1, max-image-preview:large, max-video-preview:-1\" \/>\n<link rel=\"canonical\" href=\"https:\/\/www.sleek-mag.com\/de\/article\/the-logic-of-the-mostra\/\" \/>\n<meta property=\"og:locale\" content=\"de_DE\" \/>\n<meta property=\"og:type\" content=\"article\" \/>\n<meta property=\"og:title\" content=\"The Logic of the Mostra The Logic of the Mostra\" \/>\n<meta property=\"og:url\" content=\"https:\/\/www.sleek-mag.com\/de\/article\/the-logic-of-the-mostra\/\" \/>\n<meta property=\"og:site_name\" content=\"Sleek Magazine\" \/>\n<meta property=\"article:publisher\" content=\"https:\/\/www.facebook.com\/sleekmag\/\" \/>\n<meta property=\"article:published_time\" content=\"2026-09-02T08:52:54+00:00\" \/>\n<meta name=\"twitter:card\" content=\"summary_large_image\" \/>\n<meta name=\"twitter:creator\" content=\"@sleekmag\" \/>\n<meta name=\"twitter:site\" content=\"@sleekmag\" \/>\n<meta name=\"twitter:label1\" content=\"Verfasst von\" \/>\n\t<meta name=\"twitter:data1\" content=\"Christian Bracht\" \/>\n<script type=\"application\/ld+json\" class=\"yoast-schema-graph\">{\"@context\":\"https:\/\/schema.org\",\"@graph\":[{\"@type\":\"WebSite\",\"@id\":\"https:\/\/www.sleek-mag.com\/#website\",\"url\":\"https:\/\/www.sleek-mag.com\/\",\"name\":\"Sleek Magazine\",\"description\":\"Sleek is Germany\u2019s leading independent media house\/brand for creativity and innovation located in Berlin the creative capital of the world. This creativity manifests itself in SLEEK\u2019s quarterly print publication, digital and social media channels.\",\"potentialAction\":[{\"@type\":\"SearchAction\",\"target\":{\"@type\":\"EntryPoint\",\"urlTemplate\":\"https:\/\/www.sleek-mag.com\/?s={search_term_string}\"},\"query-input\":\"required name=search_term_string\"}],\"inLanguage\":\"de\"},{\"@type\":\"WebPage\",\"@id\":\"https:\/\/www.sleek-mag.com\/article\/the-logic-of-the-mostra\/#webpage\",\"url\":\"https:\/\/www.sleek-mag.com\/article\/the-logic-of-the-mostra\/\",\"name\":\"The Logic of the Mostra The Logic of the Mostra\",\"isPartOf\":{\"@id\":\"https:\/\/www.sleek-mag.com\/#website\"},\"datePublished\":\"2026-09-02T08:52:54+00:00\",\"dateModified\":\"2026-09-02T08:52:54+00:00\",\"author\":{\"@id\":\"https:\/\/www.sleek-mag.com\/#\/schema\/person\/a77dd4413e101afa6dc810254e60d9c5\"},\"breadcrumb\":{\"@id\":\"https:\/\/www.sleek-mag.com\/article\/the-logic-of-the-mostra\/#breadcrumb\"},\"inLanguage\":\"de\",\"potentialAction\":[{\"@type\":\"ReadAction\",\"target\":[\"https:\/\/www.sleek-mag.com\/article\/the-logic-of-the-mostra\/\"]}]},{\"@type\":\"BreadcrumbList\",\"@id\":\"https:\/\/www.sleek-mag.com\/article\/the-logic-of-the-mostra\/#breadcrumb\",\"itemListElement\":[{\"@type\":\"ListItem\",\"position\":1,\"name\":\"Home\",\"item\":\"https:\/\/www.sleek-mag.com\/\"},{\"@type\":\"ListItem\",\"position\":2,\"name\":\"The Logic of the Mostra\"}]},{\"@type\":\"Person\",\"@id\":\"https:\/\/www.sleek-mag.com\/#\/schema\/person\/a77dd4413e101afa6dc810254e60d9c5\",\"name\":\"Christian Bracht\",\"image\":{\"@type\":\"ImageObject\",\"inLanguage\":\"de\",\"@id\":\"https:\/\/www.sleek-mag.com\/#\/schema\/person\/image\/\",\"url\":\"https:\/\/secure.gravatar.com\/avatar\/a93a1a22ef413dc7cd191a8caf4cf959a77b56e3784a43ff72a1d95ef1cec1dc?s=96&d=mm&r=g\",\"contentUrl\":\"https:\/\/secure.gravatar.com\/avatar\/a93a1a22ef413dc7cd191a8caf4cf959a77b56e3784a43ff72a1d95ef1cec1dc?s=96&d=mm&r=g\",\"caption\":\"Christian Bracht\"},\"url\":\"https:\/\/www.sleek-mag.com\/de\/author\/christian-bracht\/\"}]}<\/script>\n<!-- \/ Yoast SEO plugin. -->","yoast_head_json":{"title":"The Logic of the Mostra The Logic of the Mostra","robots":{"index":"index","follow":"follow","max-snippet":"max-snippet:-1","max-image-preview":"max-image-preview:large","max-video-preview":"max-video-preview:-1"},"canonical":"https:\/\/www.sleek-mag.com\/de\/article\/the-logic-of-the-mostra\/","og_locale":"de_DE","og_type":"article","og_title":"The Logic of the Mostra The Logic of the Mostra","og_url":"https:\/\/www.sleek-mag.com\/de\/article\/the-logic-of-the-mostra\/","og_site_name":"Sleek Magazine","article_publisher":"https:\/\/www.facebook.com\/sleekmag\/","article_published_time":"2026-09-02T08:52:54+00:00","twitter_card":"summary_large_image","twitter_creator":"@sleekmag","twitter_site":"@sleekmag","twitter_misc":{"Verfasst von":"Christian Bracht"},"schema":{"@context":"https:\/\/schema.org","@graph":[{"@type":"WebSite","@id":"https:\/\/www.sleek-mag.com\/#website","url":"https:\/\/www.sleek-mag.com\/","name":"Schlankes Magazin","description":"Sleek ist Deutschlands f\u00fchrendes unabh\u00e4ngiges Medienhaus\/Marke f\u00fcr Kreativit\u00e4t und Innovation mit Sitz in Berlin, der kreativen Hauptstadt der Welt. Diese Kreativit\u00e4t manifestiert sich in der viertelj\u00e4hrlich erscheinenden Print-Publikation, den digitalen und Social-Media-Kan\u00e4len von SLEEK.","potentialAction":[{"@type":"SearchAction","target":{"@type":"EntryPoint","urlTemplate":"https:\/\/www.sleek-mag.com\/?s={search_term_string}"},"query-input":"required name=search_term_string"}],"inLanguage":"de"},{"@type":"WebPage","@id":"https:\/\/www.sleek-mag.com\/article\/the-logic-of-the-mostra\/#webpage","url":"https:\/\/www.sleek-mag.com\/article\/the-logic-of-the-mostra\/","name":"The Logic of the Mostra The Logic of the Mostra","isPartOf":{"@id":"https:\/\/www.sleek-mag.com\/#website"},"datePublished":"2026-09-02T08:52:54+00:00","dateModified":"2026-09-02T08:52:54+00:00","author":{"@id":"https:\/\/www.sleek-mag.com\/#\/schema\/person\/a77dd4413e101afa6dc810254e60d9c5"},"breadcrumb":{"@id":"https:\/\/www.sleek-mag.com\/article\/the-logic-of-the-mostra\/#breadcrumb"},"inLanguage":"de","potentialAction":[{"@type":"ReadAction","target":["https:\/\/www.sleek-mag.com\/article\/the-logic-of-the-mostra\/"]}]},{"@type":"BreadcrumbList","@id":"https:\/\/www.sleek-mag.com\/article\/the-logic-of-the-mostra\/#breadcrumb","itemListElement":[{"@type":"ListItem","position":1,"name":"Home","item":"https:\/\/www.sleek-mag.com\/"},{"@type":"ListItem","position":2,"name":"The Logic of the Mostra"}]},{"@type":"Person","@id":"https:\/\/www.sleek-mag.com\/#\/schema\/person\/a77dd4413e101afa6dc810254e60d9c5","name":"Christian Bracht","image":{"@type":"ImageObject","inLanguage":"de","@id":"https:\/\/www.sleek-mag.com\/#\/schema\/person\/image\/","url":"https:\/\/secure.gravatar.com\/avatar\/a93a1a22ef413dc7cd191a8caf4cf959a77b56e3784a43ff72a1d95ef1cec1dc?s=96&d=mm&r=g","contentUrl":"https:\/\/secure.gravatar.com\/avatar\/a93a1a22ef413dc7cd191a8caf4cf959a77b56e3784a43ff72a1d95ef1cec1dc?s=96&d=mm&r=g","caption":"Christian Bracht"},"url":"https:\/\/www.sleek-mag.com\/de\/author\/christian-bracht\/"}]}},"_links":{"self":[{"href":"https:\/\/www.sleek-mag.com\/de\/wp-json\/wp\/v2\/posts\/132028","targetHints":{"allow":["GET"]}}],"collection":[{"href":"https:\/\/www.sleek-mag.com\/de\/wp-json\/wp\/v2\/posts"}],"about":[{"href":"https:\/\/www.sleek-mag.com\/de\/wp-json\/wp\/v2\/types\/post"}],"author":[{"embeddable":true,"href":"https:\/\/www.sleek-mag.com\/de\/wp-json\/wp\/v2\/users\/331"}],"replies":[{"embeddable":true,"href":"https:\/\/www.sleek-mag.com\/de\/wp-json\/wp\/v2\/comments?post=132028"}],"version-history":[{"count":8,"href":"https:\/\/www.sleek-mag.com\/de\/wp-json\/wp\/v2\/posts\/132028\/revisions"}],"predecessor-version":[{"id":132054,"href":"https:\/\/www.sleek-mag.com\/de\/wp-json\/wp\/v2\/posts\/132028\/revisions\/132054"}],"wp:attachment":[{"href":"https:\/\/www.sleek-mag.com\/de\/wp-json\/wp\/v2\/media?parent=132028"}],"wp:term":[{"taxonomy":"category","embeddable":true,"href":"https:\/\/www.sleek-mag.com\/de\/wp-json\/wp\/v2\/categories?post=132028"},{"taxonomy":"post_tag","embeddable":true,"href":"https:\/\/www.sleek-mag.com\/de\/wp-json\/wp\/v2\/tags?post=132028"}],"curies":[{"name":"wp","href":"https:\/\/api.w.org\/{rel}","templated":true}]}}