{"id":132100,"date":"2026-09-03T18:57:00","date_gmt":"2026-09-03T16:57:00","guid":{"rendered":"https:\/\/www.sleek-mag.com\/?p=132100"},"modified":"2026-09-03T18:57:00","modified_gmt":"2026-09-03T16:57:00","slug":"dr-matthias-harder","status":"publish","type":"post","link":"https:\/\/www.sleek-mag.com\/de\/article\/dr-matthias-harder\/","title":{"rendered":"Dr. Matthias Harder"},"content":{"rendered":"","protected":false},"excerpt":{"rendered":"","protected":false},"author":1,"featured_media":0,"comment_status":"closed","ping_status":"open","sticky":false,"template":"","format":"standard","meta":{"_acf_changed":false,"_kad_post_transparent":"default","_kad_post_title":"default","_kad_post_layout":"default","_kad_post_sidebar_id":"","_kad_post_content_style":"default","_kad_post_vertical_padding":"default","_kad_post_feature":"","_kad_post_feature_position":"","_kad_post_header":false,"_kad_post_footer":false,"_kad_post_classname":"","footnotes":""},"categories":[11856,18372,1],"tags":[],"class_list":["post-132100","post","type-post","status-publish","format-standard","hentry","category-sleek-art","category-sleek-people","category-uncategorized"],"acf":{"legacy":false,"exclude_from_ads":[],"hero_title":"","subtitle":"","hero":{"video":false,"image":false,"header_color":"black","overlay_color":"","overlay_text_color":"black"},"teasers":{"video":false,"image":{"ID":132103,"id":132103,"title":"Foto: David von Becker","filename":"Matthias-Harder_Portrait_HNF_2020_3_Foto-David-von-Becker_small-Kopie-2.jpg","filesize":208612,"url":"https:\/\/www.sleek-mag.com\/wp-content\/uploads\/2026\/09\/Matthias-Harder_Portrait_HNF_2020_3_Foto-David-von-Becker_small-Kopie-2.jpg","link":"https:\/\/www.sleek-mag.com\/de\/article\/dr-matthias-harder\/foto-david-von-becker-13\/","alt":"","author":"1","description":"","caption":"","name":"foto-david-von-becker-13","status":"inherit","uploaded_to":132100,"date":"2026-09-03 16:42:36","modified":"2026-09-03 16:54:20","menu_order":0,"mime_type":"image\/jpeg","type":"image","subtype":"jpeg","icon":"https:\/\/www.sleek-mag.com\/wp-includes\/images\/media\/default.png","width":1258,"height":1920,"sizes":{"thumbnail":"https:\/\/www.sleek-mag.com\/wp-content\/uploads\/2026\/09\/Matthias-Harder_Portrait_HNF_2020_3_Foto-David-von-Becker_small-Kopie-2.jpg","thumbnail-width":63,"thumbnail-height":96,"medium":"https:\/\/www.sleek-mag.com\/wp-content\/uploads\/2026\/09\/Matthias-Harder_Portrait_HNF_2020_3_Foto-David-von-Becker_small-Kopie-2.jpg","medium-width":1258,"medium-height":1920,"medium_large":"https:\/\/www.sleek-mag.com\/wp-content\/uploads\/2026\/09\/Matthias-Harder_Portrait_HNF_2020_3_Foto-David-von-Becker_small-Kopie-2.jpg","medium_large-width":1258,"medium_large-height":1920,"large":"https:\/\/www.sleek-mag.com\/wp-content\/uploads\/2026\/09\/Matthias-Harder_Portrait_HNF_2020_3_Foto-David-von-Becker_small-Kopie-2.jpg","large-width":1258,"large-height":1920,"1536x1536":"https:\/\/www.sleek-mag.com\/wp-content\/uploads\/2026\/09\/Matthias-Harder_Portrait_HNF_2020_3_Foto-David-von-Becker_small-Kopie-2-1006x1536.jpg","1536x1536-width":1006,"1536x1536-height":1536,"2048x2048":"https:\/\/www.sleek-mag.com\/wp-content\/uploads\/2026\/09\/Matthias-Harder_Portrait_HNF_2020_3_Foto-David-von-Becker_small-Kopie-2.jpg","2048x2048-width":1258,"2048x2048-height":1920,"trp-custom-language-flag":"https:\/\/www.sleek-mag.com\/wp-content\/uploads\/2026\/09\/Matthias-Harder_Portrait_HNF_2020_3_Foto-David-von-Becker_small-Kopie-2-8x12.jpg","trp-custom-language-flag-width":8,"trp-custom-language-flag-height":12,"wpvr_mobile":"https:\/\/www.sleek-mag.com\/wp-content\/uploads\/2026\/09\/Matthias-Harder_Portrait_HNF_2020_3_Foto-David-von-Becker_small-Kopie-2.jpg","wpvr_mobile-width":1258,"wpvr_mobile-height":1920}},"width":"4","proportion":"default"},"facebook_image":false,"related_articles":"","next_article":"","main_category":18372,"content":[{"acf_fc_layout":"text_area","text_area":"<p>The Photography Expert Who Does Not Get Tired to Push Its Boundaries.<\/p>\n"},{"acf_fc_layout":"text_area","text_area":"<p>Dr. Matthias Harder, director and curator of the Helmut Newton Foundation, knows the vast archive of the German-Australian photographer better than almost anyone. He has now spent more than two decades working at the museum, established in 2004. The numerous exhibitions he has organised and curated not only showcase its visual heritage but also bring it into dialogue with contemporary practices and ideas. In doing so, Harder continuously demonstrates how interpretation, meaning, and context can be re-examined \u2013 without rendering the photography obsolete, but rather allowing us to expand the conversation.<\/p>\n"},{"acf_fc_layout":"images","gallery":[{"ID":132103,"id":132103,"title":"Foto: David von Becker","filename":"Matthias-Harder_Portrait_HNF_2020_3_Foto-David-von-Becker_small-Kopie-2.jpg","filesize":208612,"url":"https:\/\/www.sleek-mag.com\/wp-content\/uploads\/2026\/09\/Matthias-Harder_Portrait_HNF_2020_3_Foto-David-von-Becker_small-Kopie-2.jpg","link":"https:\/\/www.sleek-mag.com\/de\/article\/dr-matthias-harder\/foto-david-von-becker-13\/","alt":"","author":"1","description":"","caption":"","name":"foto-david-von-becker-13","status":"inherit","uploaded_to":132100,"date":"2026-09-03 16:42:36","modified":"2026-09-03 16:54:20","menu_order":0,"mime_type":"image\/jpeg","type":"image","subtype":"jpeg","icon":"https:\/\/www.sleek-mag.com\/wp-includes\/images\/media\/default.png","width":1258,"height":1920,"sizes":{"thumbnail":"https:\/\/www.sleek-mag.com\/wp-content\/uploads\/2026\/09\/Matthias-Harder_Portrait_HNF_2020_3_Foto-David-von-Becker_small-Kopie-2.jpg","thumbnail-width":63,"thumbnail-height":96,"medium":"https:\/\/www.sleek-mag.com\/wp-content\/uploads\/2026\/09\/Matthias-Harder_Portrait_HNF_2020_3_Foto-David-von-Becker_small-Kopie-2.jpg","medium-width":1258,"medium-height":1920,"medium_large":"https:\/\/www.sleek-mag.com\/wp-content\/uploads\/2026\/09\/Matthias-Harder_Portrait_HNF_2020_3_Foto-David-von-Becker_small-Kopie-2.jpg","medium_large-width":1258,"medium_large-height":1920,"large":"https:\/\/www.sleek-mag.com\/wp-content\/uploads\/2026\/09\/Matthias-Harder_Portrait_HNF_2020_3_Foto-David-von-Becker_small-Kopie-2.jpg","large-width":1258,"large-height":1920,"1536x1536":"https:\/\/www.sleek-mag.com\/wp-content\/uploads\/2026\/09\/Matthias-Harder_Portrait_HNF_2020_3_Foto-David-von-Becker_small-Kopie-2-1006x1536.jpg","1536x1536-width":1006,"1536x1536-height":1536,"2048x2048":"https:\/\/www.sleek-mag.com\/wp-content\/uploads\/2026\/09\/Matthias-Harder_Portrait_HNF_2020_3_Foto-David-von-Becker_small-Kopie-2.jpg","2048x2048-width":1258,"2048x2048-height":1920,"trp-custom-language-flag":"https:\/\/www.sleek-mag.com\/wp-content\/uploads\/2026\/09\/Matthias-Harder_Portrait_HNF_2020_3_Foto-David-von-Becker_small-Kopie-2-8x12.jpg","trp-custom-language-flag-width":8,"trp-custom-language-flag-height":12,"wpvr_mobile":"https:\/\/www.sleek-mag.com\/wp-content\/uploads\/2026\/09\/Matthias-Harder_Portrait_HNF_2020_3_Foto-David-von-Becker_small-Kopie-2.jpg","wpvr_mobile-width":1258,"wpvr_mobile-height":1920}}],"settings":{"fit_width":"4","caption":"Photography by David von Becker, Courtesy of Viktoria Binschtok, Klemm's Berlin."}},{"acf_fc_layout":"text_area","text_area":"<p>Harder\u2019s career as a curator began early on, rooted in his deep engagement with photography. A decisive moment in his career came through a personal encounter with Helmut Newton. Following an initial meeting on the occasion of Newton\u2019s 80th birthday and an in-depth conversation with the photographer in December 2003, Harder joined the newly established Helmut Newton Foundation. Today, he serves as both curator and director of the foundation, where he is responsible for its exhibition programme, developing his curatorial concepts in parallel with spatial planning while continually realising new formats.<\/p>\n<p>The exhibition <em>Rooms\/Stages<\/em> pushes this ongoing dialogue in a compelling direction. Newton\u2019s iconic imagery, the beautiful people, flawless bodies, and almost too-perfect scenes, is juxtaposed with works that are largely devoid of human presence yet rich in spatial connotations, long central to Newton\u2019s oeuvre. When Harder speaks about the psychology of space, both in situ and within the works, he does so with palpable enthusiasm: \u201cThe exhibition moves from physical space through pictorial space to the stage \u2013 and in the end, we ourselves are standing on that stage. Helmut Newton, too, never simply photo- graphed spaces, but always conceived of them as stages \u2013 whether a hotel room, a street, or an interior.\u201d<\/p>\n"},{"acf_fc_layout":"blockquote","text":"When Harder speaks about the psychology of space, both within the exhibition itself and within the works, his enthusiasm is palpable: The exhibition moves from physical space to pictorial space and then to the stage \u2013 and in the end, we ourselves are standing on that stage.","source":""},{"acf_fc_layout":"images","gallery":[{"ID":132102,"id":132102,"title":"9. Viktoria Binschtok, World of Details, diner seat, 2012 \u00a9 Viktoria Binschtok, KLEMM\u00b4S Berlin Kopie","filename":"9.-Viktoria-Binschtok-World-of-Details-diner-seat-2012-\u00a9-Viktoria-Binschtok-KLEMM\u00b4S-Berlin-Kopie.jpg","filesize":327547,"url":"https:\/\/www.sleek-mag.com\/wp-content\/uploads\/2026\/09\/9.-Viktoria-Binschtok-World-of-Details-diner-seat-2012-\u00a9-Viktoria-Binschtok-KLEMM\u00b4S-Berlin-Kopie.jpg","link":"https:\/\/www.sleek-mag.com\/de\/article\/dr-matthias-harder\/9-viktoria-binschtok-world-of-details-diner-seat-2012-viktoria-binschtok-klemms-berlin-kopie\/","alt":"","author":"1","description":"","caption":"","name":"9-viktoria-binschtok-world-of-details-diner-seat-2012-viktoria-binschtok-klemms-berlin-kopie","status":"inherit","uploaded_to":132100,"date":"2026-09-03 16:42:21","modified":"2026-09-03 16:42:21","menu_order":0,"mime_type":"image\/jpeg","type":"image","subtype":"jpeg","icon":"https:\/\/www.sleek-mag.com\/wp-includes\/images\/media\/default.png","width":1486,"height":1920,"sizes":{"thumbnail":"https:\/\/www.sleek-mag.com\/wp-content\/uploads\/2026\/09\/9.-Viktoria-Binschtok-World-of-Details-diner-seat-2012-\u00a9-Viktoria-Binschtok-KLEMM\u00b4S-Berlin-Kopie.jpg","thumbnail-width":74,"thumbnail-height":96,"medium":"https:\/\/www.sleek-mag.com\/wp-content\/uploads\/2026\/09\/9.-Viktoria-Binschtok-World-of-Details-diner-seat-2012-\u00a9-Viktoria-Binschtok-KLEMM\u00b4S-Berlin-Kopie.jpg","medium-width":1486,"medium-height":1920,"medium_large":"https:\/\/www.sleek-mag.com\/wp-content\/uploads\/2026\/09\/9.-Viktoria-Binschtok-World-of-Details-diner-seat-2012-\u00a9-Viktoria-Binschtok-KLEMM\u00b4S-Berlin-Kopie.jpg","medium_large-width":1486,"medium_large-height":1920,"large":"https:\/\/www.sleek-mag.com\/wp-content\/uploads\/2026\/09\/9.-Viktoria-Binschtok-World-of-Details-diner-seat-2012-\u00a9-Viktoria-Binschtok-KLEMM\u00b4S-Berlin-Kopie.jpg","large-width":1486,"large-height":1920,"1536x1536":"https:\/\/www.sleek-mag.com\/wp-content\/uploads\/2026\/09\/9.-Viktoria-Binschtok-World-of-Details-diner-seat-2012-\u00a9-Viktoria-Binschtok-KLEMM\u00b4S-Berlin-Kopie-1189x1536.jpg","1536x1536-width":1189,"1536x1536-height":1536,"2048x2048":"https:\/\/www.sleek-mag.com\/wp-content\/uploads\/2026\/09\/9.-Viktoria-Binschtok-World-of-Details-diner-seat-2012-\u00a9-Viktoria-Binschtok-KLEMM\u00b4S-Berlin-Kopie.jpg","2048x2048-width":1486,"2048x2048-height":1920,"trp-custom-language-flag":"https:\/\/www.sleek-mag.com\/wp-content\/uploads\/2026\/09\/9.-Viktoria-Binschtok-World-of-Details-diner-seat-2012-\u00a9-Viktoria-Binschtok-KLEMM\u00b4S-Berlin-Kopie-9x12.jpg","trp-custom-language-flag-width":9,"trp-custom-language-flag-height":12,"wpvr_mobile":"https:\/\/www.sleek-mag.com\/wp-content\/uploads\/2026\/09\/9.-Viktoria-Binschtok-World-of-Details-diner-seat-2012-\u00a9-Viktoria-Binschtok-KLEMM\u00b4S-Berlin-Kopie.jpg","wpvr_mobile-width":1486,"wpvr_mobile-height":1920}}],"settings":{"fit_width":"4","caption":"Courtesy of Viktoria Binschtok, Klemm's Berlin."}},{"acf_fc_layout":"text_area","text_area":"<p>Helmut Newton, whose work is continually recontextualised through evolving presentations at his Berlin foundation, transformed diverse locations into stages, as the second part of the group exhibition demonstrates. \u201cOne could almost say: where Helmut Newton left off, many contemporary approaches pick up today \u2013 at least in their engagement with space and staging.\u201d<\/p>\n<p><em>Rooms\/Stages<\/em> is on until November 2026 at the Helmut Newton Foundation, Berlin.<\/p>\n"}],"sleek_card_focus":"mid"},"yoast_head":"<!-- This site is optimized with the Yoast SEO plugin v19.1 - https:\/\/yoast.com\/wordpress\/plugins\/seo\/ -->\n<title>Dr. Matthias Harder Dr. Matthias Harder<\/title>\n<meta name=\"robots\" content=\"index, follow, max-snippet:-1, max-image-preview:large, max-video-preview:-1\" \/>\n<link rel=\"canonical\" href=\"https:\/\/www.sleek-mag.com\/de\/article\/dr-matthias-harder\/\" \/>\n<meta property=\"og:locale\" content=\"de_DE\" \/>\n<meta property=\"og:type\" content=\"article\" \/>\n<meta property=\"og:title\" content=\"Dr. Matthias Harder Dr. Matthias Harder\" \/>\n<meta property=\"og:url\" content=\"https:\/\/www.sleek-mag.com\/de\/article\/dr-matthias-harder\/\" \/>\n<meta property=\"og:site_name\" content=\"Sleek Magazine\" \/>\n<meta property=\"article:publisher\" content=\"https:\/\/www.facebook.com\/sleekmag\/\" \/>\n<meta property=\"article:published_time\" content=\"2026-09-03T16:57:00+00:00\" \/>\n<meta name=\"twitter:card\" content=\"summary_large_image\" \/>\n<meta name=\"twitter:creator\" content=\"@sleekmag\" \/>\n<meta name=\"twitter:site\" content=\"@sleekmag\" \/>\n<meta name=\"twitter:label1\" content=\"Verfasst von\" \/>\n\t<meta name=\"twitter:data1\" content=\"sleek\" \/>\n<script type=\"application\/ld+json\" class=\"yoast-schema-graph\">{\"@context\":\"https:\/\/schema.org\",\"@graph\":[{\"@type\":\"WebSite\",\"@id\":\"https:\/\/www.sleek-mag.com\/#website\",\"url\":\"https:\/\/www.sleek-mag.com\/\",\"name\":\"Sleek Magazine\",\"description\":\"Sleek is Germany\u2019s leading independent media house\/brand for creativity and innovation located in Berlin the creative capital of the world. This creativity manifests itself in SLEEK\u2019s quarterly print publication, digital and social media channels.\",\"potentialAction\":[{\"@type\":\"SearchAction\",\"target\":{\"@type\":\"EntryPoint\",\"urlTemplate\":\"https:\/\/www.sleek-mag.com\/?s={search_term_string}\"},\"query-input\":\"required name=search_term_string\"}],\"inLanguage\":\"de\"},{\"@type\":\"WebPage\",\"@id\":\"https:\/\/www.sleek-mag.com\/article\/dr-matthias-harder\/#webpage\",\"url\":\"https:\/\/www.sleek-mag.com\/article\/dr-matthias-harder\/\",\"name\":\"Dr. Matthias Harder Dr. Matthias Harder\",\"isPartOf\":{\"@id\":\"https:\/\/www.sleek-mag.com\/#website\"},\"datePublished\":\"2026-09-03T16:57:00+00:00\",\"dateModified\":\"2026-09-03T16:57:00+00:00\",\"author\":{\"@id\":\"https:\/\/www.sleek-mag.com\/#\/schema\/person\/1fd4c1b41c96eff389e4781115613a68\"},\"breadcrumb\":{\"@id\":\"https:\/\/www.sleek-mag.com\/article\/dr-matthias-harder\/#breadcrumb\"},\"inLanguage\":\"de\",\"potentialAction\":[{\"@type\":\"ReadAction\",\"target\":[\"https:\/\/www.sleek-mag.com\/article\/dr-matthias-harder\/\"]}]},{\"@type\":\"BreadcrumbList\",\"@id\":\"https:\/\/www.sleek-mag.com\/article\/dr-matthias-harder\/#breadcrumb\",\"itemListElement\":[{\"@type\":\"ListItem\",\"position\":1,\"name\":\"Home\",\"item\":\"https:\/\/www.sleek-mag.com\/\"},{\"@type\":\"ListItem\",\"position\":2,\"name\":\"Dr. Matthias Harder\"}]},{\"@type\":\"Person\",\"@id\":\"https:\/\/www.sleek-mag.com\/#\/schema\/person\/1fd4c1b41c96eff389e4781115613a68\",\"name\":\"sleek\",\"image\":{\"@type\":\"ImageObject\",\"inLanguage\":\"de\",\"@id\":\"https:\/\/www.sleek-mag.com\/#\/schema\/person\/image\/\",\"url\":\"https:\/\/secure.gravatar.com\/avatar\/28a91a7b03694a9860c1590004521e06b91644c079476028047b1a7f5e3eb6e9?s=96&d=mm&r=g\",\"contentUrl\":\"https:\/\/secure.gravatar.com\/avatar\/28a91a7b03694a9860c1590004521e06b91644c079476028047b1a7f5e3eb6e9?s=96&d=mm&r=g\",\"caption\":\"sleek\"},\"description\":\"She\u2019s currently writing her thesis on immersive installation and has a soft spot for techno, existential art memes and nineties sunglasses.\",\"url\":\"https:\/\/www.sleek-mag.com\/de\/author\/sleek\/\"}]}<\/script>\n<!-- \/ Yoast SEO plugin. -->","yoast_head_json":{"title":"Dr. Matthias Harder Dr. Matthias Harder","robots":{"index":"index","follow":"follow","max-snippet":"max-snippet:-1","max-image-preview":"max-image-preview:large","max-video-preview":"max-video-preview:-1"},"canonical":"https:\/\/www.sleek-mag.com\/de\/article\/dr-matthias-harder\/","og_locale":"de_DE","og_type":"article","og_title":"Dr. Matthias Harder Dr. Matthias Harder","og_url":"https:\/\/www.sleek-mag.com\/de\/article\/dr-matthias-harder\/","og_site_name":"Sleek Magazine","article_publisher":"https:\/\/www.facebook.com\/sleekmag\/","article_published_time":"2026-09-03T16:57:00+00:00","twitter_card":"summary_large_image","twitter_creator":"@sleekmag","twitter_site":"@sleekmag","twitter_misc":{"Verfasst von":"sleek"},"schema":{"@context":"https:\/\/schema.org","@graph":[{"@type":"WebSite","@id":"https:\/\/www.sleek-mag.com\/#website","url":"https:\/\/www.sleek-mag.com\/","name":"Schlankes Magazin","description":"Sleek ist Deutschlands f\u00fchrendes unabh\u00e4ngiges Medienhaus\/Marke f\u00fcr Kreativit\u00e4t und Innovation mit Sitz in Berlin, der kreativen Hauptstadt der Welt. Diese Kreativit\u00e4t manifestiert sich in der viertelj\u00e4hrlich erscheinenden Print-Publikation, den digitalen und Social-Media-Kan\u00e4len von SLEEK.","potentialAction":[{"@type":"SearchAction","target":{"@type":"EntryPoint","urlTemplate":"https:\/\/www.sleek-mag.com\/?s={search_term_string}"},"query-input":"required name=search_term_string"}],"inLanguage":"de"},{"@type":"WebPage","@id":"https:\/\/www.sleek-mag.com\/article\/dr-matthias-harder\/#webpage","url":"https:\/\/www.sleek-mag.com\/article\/dr-matthias-harder\/","name":"Dr. Matthias Harder Dr. Matthias Harder","isPartOf":{"@id":"https:\/\/www.sleek-mag.com\/#website"},"datePublished":"2026-09-03T16:57:00+00:00","dateModified":"2026-09-03T16:57:00+00:00","author":{"@id":"https:\/\/www.sleek-mag.com\/#\/schema\/person\/1fd4c1b41c96eff389e4781115613a68"},"breadcrumb":{"@id":"https:\/\/www.sleek-mag.com\/article\/dr-matthias-harder\/#breadcrumb"},"inLanguage":"de","potentialAction":[{"@type":"ReadAction","target":["https:\/\/www.sleek-mag.com\/article\/dr-matthias-harder\/"]}]},{"@type":"BreadcrumbList","@id":"https:\/\/www.sleek-mag.com\/article\/dr-matthias-harder\/#breadcrumb","itemListElement":[{"@type":"ListItem","position":1,"name":"Home","item":"https:\/\/www.sleek-mag.com\/"},{"@type":"ListItem","position":2,"name":"Dr. Matthias Harder"}]},{"@type":"Person","@id":"https:\/\/www.sleek-mag.com\/#\/schema\/person\/1fd4c1b41c96eff389e4781115613a68","name":"schlank","image":{"@type":"ImageObject","inLanguage":"de","@id":"https:\/\/www.sleek-mag.com\/#\/schema\/person\/image\/","url":"https:\/\/secure.gravatar.com\/avatar\/28a91a7b03694a9860c1590004521e06b91644c079476028047b1a7f5e3eb6e9?s=96&d=mm&r=g","contentUrl":"https:\/\/secure.gravatar.com\/avatar\/28a91a7b03694a9860c1590004521e06b91644c079476028047b1a7f5e3eb6e9?s=96&d=mm&r=g","caption":"sleek"},"description":"Zurzeit schreibt sie ihre Doktorarbeit \u00fcber immersive Installationen und hat ein Faible f\u00fcr Techno, existentielle Kunstmemes und Sonnenbrillen aus den Neunzigern.","url":"https:\/\/www.sleek-mag.com\/de\/author\/sleek\/"}]}},"_links":{"self":[{"href":"https:\/\/www.sleek-mag.com\/de\/wp-json\/wp\/v2\/posts\/132100","targetHints":{"allow":["GET"]}}],"collection":[{"href":"https:\/\/www.sleek-mag.com\/de\/wp-json\/wp\/v2\/posts"}],"about":[{"href":"https:\/\/www.sleek-mag.com\/de\/wp-json\/wp\/v2\/types\/post"}],"author":[{"embeddable":true,"href":"https:\/\/www.sleek-mag.com\/de\/wp-json\/wp\/v2\/users\/1"}],"replies":[{"embeddable":true,"href":"https:\/\/www.sleek-mag.com\/de\/wp-json\/wp\/v2\/comments?post=132100"}],"version-history":[{"count":7,"href":"https:\/\/www.sleek-mag.com\/de\/wp-json\/wp\/v2\/posts\/132100\/revisions"}],"predecessor-version":[{"id":132109,"href":"https:\/\/www.sleek-mag.com\/de\/wp-json\/wp\/v2\/posts\/132100\/revisions\/132109"}],"wp:attachment":[{"href":"https:\/\/www.sleek-mag.com\/de\/wp-json\/wp\/v2\/media?parent=132100"}],"wp:term":[{"taxonomy":"category","embeddable":true,"href":"https:\/\/www.sleek-mag.com\/de\/wp-json\/wp\/v2\/categories?post=132100"},{"taxonomy":"post_tag","embeddable":true,"href":"https:\/\/www.sleek-mag.com\/de\/wp-json\/wp\/v2\/tags?post=132100"}],"curies":[{"name":"wp","href":"https:\/\/api.w.org\/{rel}","templated":true}]}}